{"id":101843,"date":"2025-07-29T23:43:05","date_gmt":"2025-07-29T21:43:05","guid":{"rendered":"https:\/\/www.physiotherapie-berlinmitte.de\/douleurs-de-larticulation-sacro-iliaque-quand-la-position-assise-devient-une-contrainte\/"},"modified":"2025-07-29T23:51:46","modified_gmt":"2025-07-29T21:51:46","slug":"douleurs-de-larticulation-sacro-iliaque-quand-la-position-assise-devient-une-contrainte","status":"publish","type":"post","link":"https:\/\/www.physiotherapie-berlinmitte.de\/fr\/douleurs-de-larticulation-sacro-iliaque-quand-la-position-assise-devient-une-contrainte\/","title":{"rendered":"Douleurs de l&rsquo;articulation sacro-iliaque &#8211; quand la position assise devient une contrainte"},"content":{"rendered":"\n<p>Les douleurs unilat\u00e9rales dans le bas du dos, qui surviennent en position assise, debout ou en se tournant, sont souvent dues \u00e0 l&rsquo;articulation sacro-iliaque (ISG). Dans notre cabinet de Berlin-Mitte, nous traitons r\u00e9guli\u00e8rement des patients souffrant pr\u00e9cis\u00e9ment de ces douleurs. <\/p>\n\n<h2 class=\"wp-block-heading\">Qu&rsquo;est-ce que l&rsquo;articulation sacro-iliaque ?<\/h2>\n\n<p>L&rsquo;ISG relie le sacrum \u00e0 l&rsquo;os iliaque. Il est guid\u00e9 de mani\u00e8re tendue et permet des mouvements minimes. Ces petits mouvements sont pourtant essentiels \u00e0 l&rsquo;\u00e9quilibre entre le bassin, la colonne vert\u00e9brale et les jambes.  <\/p>\n\n<figure class=\"gb-block-image gb-block-image-458e9124\"><img decoding=\"async\" width=\"770\" height=\"308\" class=\"gb-image gb-image-458e9124\" src=\"https:\/\/www.physiotherapie-berlinmitte.de\/wp-content\/uploads\/2025\/07\/schmerzen-unterer-ruecken-physiotherapie-praxis-berlin-mitte-christian-marsch.png\" alt=\"Douleurs au bas du dos Physioth\u00e9rapie Berlin-Mitte Christian Marsch\" title=\"Douleurs au bas du dos Physioth\u00e9rapie Berlin-Mitte Christian Marsch\" srcset=\"https:\/\/www.physiotherapie-berlinmitte.de\/wp-content\/uploads\/2025\/07\/schmerzen-unterer-ruecken-physiotherapie-praxis-berlin-mitte-christian-marsch.png 770w, https:\/\/www.physiotherapie-berlinmitte.de\/wp-content\/uploads\/2025\/07\/schmerzen-unterer-ruecken-physiotherapie-praxis-berlin-mitte-christian-marsch-300x120.png 300w, https:\/\/www.physiotherapie-berlinmitte.de\/wp-content\/uploads\/2025\/07\/schmerzen-unterer-ruecken-physiotherapie-praxis-berlin-mitte-christian-marsch-768x307.png 768w, https:\/\/www.physiotherapie-berlinmitte.de\/wp-content\/uploads\/2025\/07\/schmerzen-unterer-ruecken-physiotherapie-praxis-berlin-mitte-christian-marsch-500x200.png 500w\" sizes=\"(max-width: 770px) 100vw, 770px\" \/><\/figure>\n\n<h2 class=\"wp-block-heading\">Causes des troubles de l&rsquo;ISG<\/h2>\n\n<p>L&rsquo;articulation sacro-iliaque peut \u00eatre irrit\u00e9e ou bloqu\u00e9e par diff\u00e9rents facteurs. D\u00e9clencheurs fr\u00e9quents : <\/p>\n\n<ul class=\"wp-block-list\">\n<li><strong>Position assise prolong\u00e9e et unilat\u00e9rale<\/strong>, par exemple au bureau ou en voiture<\/li>\n\n\n\n<li><strong>Diff\u00e9rence de longueur des jambes<\/strong>, cong\u00e9nitale ou acquise<\/li>\n\n\n\n<li><strong>Modifications pelviennes apr\u00e8s l&rsquo;accouchement<\/strong><\/li>\n\n\n\n<li><strong>Chute sur les fesses ou le bassin<\/strong><\/li>\n\n\n\n<li><strong>Mauvaises charges dues au sport ou \u00e0 la vie quotidienne<\/strong><\/li>\n<\/ul>\n\n<p>De nombreux patients signalent que la douleur ne se situe pas directement au milieu du dos, mais l\u00e9g\u00e8rement sur le c\u00f4t\u00e9, souvent au niveau des fesses. Les douleurs s&rsquo;\u00e9tendent parfois \u00e0 l&rsquo;aine ou \u00e0 la cuisse. <\/p>\n\n<h2 class=\"wp-block-heading\">Comment reconna\u00eetre un probl\u00e8me d&rsquo;ISG ?<\/h2>\n\n<p>Indications typiques :<\/p>\n\n<ul class=\"wp-block-list\">\n<li>Douleurs en position assise, en particulier sur des supports mous<\/li>\n\n\n\n<li>Limitation de la possibilit\u00e9 de se pencher ou de se tourner<\/li>\n\n\n\n<li>difficult\u00e9 \u00e0 se lever de la position assise<\/li>\n\n\n\n<li>Sensation d&rsquo;instabilit\u00e9 dans le bassin<\/li>\n<\/ul>\n\n<p>Ces sympt\u00f4mes ne sont pas toujours clairs. Il est donc important de proc\u00e9der \u00e0 un examen pr\u00e9cis. <\/p>\n\n<h2 class=\"wp-block-heading\">Comment nous proc\u00e9dons en physioth\u00e9rapie<\/h2>\n\n<p>Chez le physioth\u00e9rapeute Berlin Mitte Marsch, nous effectuons d&rsquo;abord un bilan pr\u00e9cis. Nous v\u00e9rifions <\/p>\n\n<ul class=\"wp-block-list\">\n<li>Mobilit\u00e9 de l&rsquo;ISG<\/li>\n\n\n\n<li>Position du bassin et de la colonne lombaire<\/li>\n\n\n\n<li>Tension musculaire dans les fesses, le dos et les cuisses<\/li>\n\n\n\n<li>Mod\u00e8les de charge dans la vie quotidienne<\/li>\n<\/ul>\n\n<p>En fonction des r\u00e9sultats, nous utilisons des techniques de mobilisation cibl\u00e9es. L&rsquo;objectif est de r\u00e9tablir le mouvement dans l&rsquo;articulation, de r\u00e9guler les tensions musculaires et d&rsquo;harmoniser l&rsquo;interaction entre le bassin et la colonne vert\u00e9brale. <\/p>\n\n<h2 class=\"wp-block-heading\">Approches de traitement<\/h2>\n\n<p>Nos mesures th\u00e9rapeutiques comprennent<\/p>\n\n<ul class=\"wp-block-list\">\n<li><strong>Mobilisation manuelle<\/strong> de l&rsquo;ISG<\/li>\n\n\n\n<li><strong>Renforcement<\/strong> des muscles stabilisateurs, en particulier les fessiers et le tronc<\/li>\n\n\n\n<li><strong>\u00c9tirement<\/strong> des structures raccourcies, par ex. fl\u00e9chisseurs de la hanche<\/li>\n\n\n\n<li><strong>Traitement des fascias<\/strong> pour soulager les tensions<\/li>\n\n\n\n<li><strong>Formation \u00e0 la posture et au mouvement<\/strong> pour la vie quotidienne et professionnelle<\/li>\n<\/ul>\n\n<p>Nous vous donnons des exercices concrets adapt\u00e9s \u00e0 votre situation. Nous favorisons ainsi la perception de soi et r\u00e9duisons le risque de nouveaux blocages. <\/p>\n\n<h2 class=\"wp-block-heading\">Ce que vous pouvez faire vous-m\u00eame<\/h2>\n\n<ul class=\"wp-block-list\">\n<li>Veillez \u00e0 pratiquer une activit\u00e9 physique r\u00e9guli\u00e8re au quotidien<\/li>\n\n\n\n<li>\u00c9vitez de rester assis de mani\u00e8re rigide pendant de longues p\u00e9riodes.<\/li>\n\n\n\n<li>Utilisez une surface solide, pas de coussins mous<\/li>\n\n\n\n<li>Le matin, au r\u00e9veil, faites des mouvements lents et conscients.<\/li>\n\n\n\n<li>Renforcez les muscles du bassin et du dos.<\/li>\n<\/ul>\n\n<p>Ces mesures soutiennent la th\u00e9rapie et am\u00e9liorent la stabilit\u00e9 du bas du dos \u00e0 long terme.<\/p>\n\n<figure class=\"gb-block-image gb-block-image-a48089b2\"><img decoding=\"async\" width=\"770\" height=\"308\" class=\"gb-image gb-image-a48089b2\" src=\"https:\/\/www.physiotherapie-berlinmitte.de\/wp-content\/uploads\/2025\/07\/isg-physiotherapie-praxis-berlin-mitte-christian-marsch.png\" alt=\"Cabinet de physioth\u00e9rapie ISG Berlin-Mitte Christian Marsch\" title=\"Cabinet de physioth\u00e9rapie ISG Berlin-Mitte Christian Marsch\" srcset=\"https:\/\/www.physiotherapie-berlinmitte.de\/wp-content\/uploads\/2025\/07\/isg-physiotherapie-praxis-berlin-mitte-christian-marsch.png 770w, https:\/\/www.physiotherapie-berlinmitte.de\/wp-content\/uploads\/2025\/07\/isg-physiotherapie-praxis-berlin-mitte-christian-marsch-300x120.png 300w, https:\/\/www.physiotherapie-berlinmitte.de\/wp-content\/uploads\/2025\/07\/isg-physiotherapie-praxis-berlin-mitte-christian-marsch-768x307.png 768w, https:\/\/www.physiotherapie-berlinmitte.de\/wp-content\/uploads\/2025\/07\/isg-physiotherapie-praxis-berlin-mitte-christian-marsch-500x200.png 500w\" sizes=\"(max-width: 770px) 100vw, 770px\" \/><\/figure>\n\n<h2 class=\"wp-block-heading\">Conclusion : garder l&rsquo;\u0153il sur l&rsquo;ISG<\/h2>\n\n<p>Les douleurs de l&rsquo;articulation sacro-iliaque sont fr\u00e9quentes, mais souvent difficiles \u00e0 identifier. Chez le physioth\u00e9rapeute Berlin-Mitte Marsch, nous analysons les causes avec pr\u00e9cision et les traitons de mani\u00e8re cibl\u00e9e &#8211; dans le but de r\u00e9tablir votre mobilit\u00e9 et votre qualit\u00e9 de vie au quotidien. <\/p>\n\n<h2 class=\"wp-block-heading\">3 exercices simples pour soulager l&rsquo;articulation sacro-iliaque<\/h2>\n\n<p>Ces exercices favorisent la mobilit\u00e9 dans l&rsquo;ISG, soulagent les tensions musculaires et favorisent la stabilit\u00e9 dans le bas du dos. Effectuez les exercices lentement et de mani\u00e8re contr\u00f4l\u00e9e. En cas de douleurs : arr\u00eatez et consultez un m\u00e9decin.  <\/p>\n\n<h2 class=\"wp-block-heading\">1. <strong>balancement des jambes en position dorsale<\/strong><\/h2>\n\n<p><strong>Objectif :<\/strong> mobilisation du bassin, mouvement doux au niveau de l&rsquo;ISG<\/p>\n\n<ul class=\"wp-block-list\">\n<li>Allongez-vous sur le dos, jambes lev\u00e9es, bras le long du corps.<\/li>\n\n\n\n<li>Laissez les deux genoux basculer lentement vers la droite, puis revenez au centre.<\/li>\n\n\n\n<li>Ensuite, basculer vers la gauche<\/li>\n\n\n\n<li>Le mouvement reste petit et indolore<\/li>\n\n\n\n<li><strong>R\u00e9p\u00e9tition :<\/strong> 10-15 fois par page<\/li>\n<\/ul>\n\n<h2 class=\"wp-block-heading\">2. <strong>la bosse du chat &#8211; le dos du cheval \u00e0 quatre pattes<\/strong><\/h2>\n\n<p><strong>Objectif :<\/strong> lib\u00e9rer les tensions dans la r\u00e9gion pelvienne et lombaire<\/p>\n\n<ul class=\"wp-block-list\">\n<li>Mettez-vous \u00e0 quatre pattes, les mains sous les \u00e9paules et les genoux sous les hanches.<\/li>\n\n\n\n<li>En expirant, arrondissez le dos, le menton vers la poitrine.<\/li>\n\n\n\n<li>En inspirant : laissez le ventre s&rsquo;affaisser, soulevez l\u00e9g\u00e8rement la t\u00eate.<\/li>\n\n\n\n<li><strong>R\u00e9p\u00e9tition :<\/strong> 10-12 fois \u00e0 un rythme tranquille<\/li>\n<\/ul>\n\n<h2 class=\"wp-block-heading\">3. <strong>bascule du bassin en position assise ou debout<\/strong><\/h2>\n\n<p><strong>Objectif :<\/strong> entra\u00eenement \u00e0 la mobilit\u00e9 pelvienne<\/p>\n\n<ul class=\"wp-block-list\">\n<li>Asseyez-vous sur un tabouret ou tenez-vous debout<\/li>\n\n\n\n<li>Basculez l\u00e9g\u00e8rement le bassin vers l&rsquo;avant (dos creux), puis vers l&rsquo;arri\u00e8re (dos rond).<\/li>\n\n\n\n<li>Bougez uniquement le bassin, le haut du corps reste immobile<\/li>\n\n\n\n<li><strong>R\u00e9p\u00e9tition :<\/strong> 10-15 fois lentement en alternance<\/li>\n<\/ul>\n\n<p><\/p>\n","protected":false},"excerpt":{"rendered":"Les douleurs unilat\u00e9rales dans le bas du dos, qui surviennent en position assise, debout ou en se tournant, sont souvent dues \u00e0 l&rsquo;articulation sacro-iliaque &#8230; <a title=\"Douleurs de l&rsquo;articulation sacro-iliaque &#8211; quand la position assise devient une contrainte\" class=\"read-more\" href=\"https:\/\/www.physiotherapie-berlinmitte.de\/fr\/douleurs-de-larticulation-sacro-iliaque-quand-la-position-assise-devient-une-contrainte\/\" aria-label=\"En savoir plus sur Douleurs de l&rsquo;articulation sacro-iliaque &#8211; quand la position assise devient une contrainte\">Lire la suite<\/a>","protected":false},"author":3,"featured_media":101811,"comment_status":"closed","ping_status":"closed","sticky":false,"template":"","format":"standard","meta":{"_seopress_robots_primary_cat":"none","_seopress_titles_title":"iosacral : que faire en cas de douleurs dans le bas du dos ?","_seopress_titles_desc":"Les douleurs de l'articulation sacro-iliaque rendent souvent la position assise et les mouvements p\u00e9nibles. Nous en analysons les causes et les traitons de mani\u00e8re cibl\u00e9e dans le centre de Berlin. ","_seopress_robots_index":"","footnotes":""},"categories":[40],"tags":[],"class_list":["post-101843","post","type-post","status-publish","format-standard","has-post-thumbnail","hentry","category-non-classifiee","no-featured-image-padding"],"_links":{"self":[{"href":"https:\/\/www.physiotherapie-berlinmitte.de\/fr\/wp-json\/wp\/v2\/posts\/101843","targetHints":{"allow":["GET"]}}],"collection":[{"href":"https:\/\/www.physiotherapie-berlinmitte.de\/fr\/wp-json\/wp\/v2\/posts"}],"about":[{"href":"https:\/\/www.physiotherapie-berlinmitte.de\/fr\/wp-json\/wp\/v2\/types\/post"}],"author":[{"embeddable":true,"href":"https:\/\/www.physiotherapie-berlinmitte.de\/fr\/wp-json\/wp\/v2\/users\/3"}],"replies":[{"embeddable":true,"href":"https:\/\/www.physiotherapie-berlinmitte.de\/fr\/wp-json\/wp\/v2\/comments?post=101843"}],"version-history":[{"count":1,"href":"https:\/\/www.physiotherapie-berlinmitte.de\/fr\/wp-json\/wp\/v2\/posts\/101843\/revisions"}],"predecessor-version":[{"id":101844,"href":"https:\/\/www.physiotherapie-berlinmitte.de\/fr\/wp-json\/wp\/v2\/posts\/101843\/revisions\/101844"}],"wp:featuredmedia":[{"embeddable":true,"href":"https:\/\/www.physiotherapie-berlinmitte.de\/fr\/wp-json\/wp\/v2\/media\/101811"}],"wp:attachment":[{"href":"https:\/\/www.physiotherapie-berlinmitte.de\/fr\/wp-json\/wp\/v2\/media?parent=101843"}],"wp:term":[{"taxonomy":"category","embeddable":true,"href":"https:\/\/www.physiotherapie-berlinmitte.de\/fr\/wp-json\/wp\/v2\/categories?post=101843"},{"taxonomy":"post_tag","embeddable":true,"href":"https:\/\/www.physiotherapie-berlinmitte.de\/fr\/wp-json\/wp\/v2\/tags?post=101843"}],"curies":[{"name":"wp","href":"https:\/\/api.w.org\/{rel}","templated":true}]}}