{"id":104151,"date":"2025-08-09T13:28:48","date_gmt":"2025-08-09T11:28:48","guid":{"rendered":"https:\/\/www.physiotherapie-berlinmitte.de\/traiter-les-problemes-de-menisque-sans-chirurgie\/"},"modified":"2025-08-09T13:31:58","modified_gmt":"2025-08-09T11:31:58","slug":"traiter-les-problemes-de-menisque-sans-chirurgie","status":"publish","type":"post","link":"https:\/\/www.physiotherapie-berlinmitte.de\/fr\/traiter-les-problemes-de-menisque-sans-chirurgie\/","title":{"rendered":"Traiter les probl\u00e8mes de m\u00e9nisque sans chirurgie"},"content":{"rendered":"\n<p>Une douleur au genou ne signifie pas automatiquement qu&rsquo;une op\u00e9ration est n\u00e9cessaire. De nombreuses l\u00e9sions du m\u00e9nisque peuvent \u00eatre trait\u00e9es avec succ\u00e8s par une physioth\u00e9rapie cibl\u00e9e. Dans notre cabinet de Berlin-Mitte, nous voyons tous les jours des patients qui b\u00e9n\u00e9ficient d&rsquo;une approche conservatrice.  <\/p>\n\n<h2 class=\"wp-block-heading\">Traiter les probl\u00e8mes de m\u00e9nisque sans chirurgie<\/h2>\n\n<p>Une douleur au genou ne signifie pas automatiquement qu&rsquo;une op\u00e9ration est n\u00e9cessaire. De nombreuses l\u00e9sions du m\u00e9nisque peuvent \u00eatre trait\u00e9es avec succ\u00e8s par une physioth\u00e9rapie cibl\u00e9e. Dans notre cabinet de Berlin-Mitte, nous voyons tous les jours des patients qui b\u00e9n\u00e9ficient d&rsquo;une approche conservatrice.  <\/p>\n\n<h2 class=\"wp-block-heading\">Qu&rsquo;est-ce que le m\u00e9nisque ?<\/h2>\n\n<p>Le m\u00e9nisque est un disque de cartilage en forme de demi-lune situ\u00e9 dans l&rsquo;articulation du genou. Chaque personne a deux m\u00e9nisques par genou &#8211; un \u00e0 l&rsquo;int\u00e9rieur, un \u00e0 l&rsquo;ext\u00e9rieur. Ils r\u00e9partissent la charge de mani\u00e8re \u00e9gale, stabilisent l&rsquo;articulation et agissent comme des amortisseurs.  <\/p>\n\n<p>Les fissures ou l&rsquo;usure peuvent provoquer des douleurs, des gonflements et des restrictions de mouvement.<\/p>\n\n<figure class=\"gb-block-image gb-block-image-4acdfef6\"><img decoding=\"async\" width=\"770\" height=\"308\" class=\"gb-image gb-image-4acdfef6\" src=\"https:\/\/www.physiotherapie-berlinmitte.de\/wp-content\/uploads\/2025\/08\/probleme-meniskus-physiotherapie-praxis-berlin-mitte-christian-marsch.png\" alt=\"probl\u00e8mes de m\u00e9nisque physioth\u00e9rapie cabinet berlin centre christian marsch\" title=\"probl\u00e8mes de m\u00e9nisque physioth\u00e9rapie cabinet berlin centre christian marsch\" srcset=\"https:\/\/www.physiotherapie-berlinmitte.de\/wp-content\/uploads\/2025\/08\/probleme-meniskus-physiotherapie-praxis-berlin-mitte-christian-marsch.png 770w, https:\/\/www.physiotherapie-berlinmitte.de\/wp-content\/uploads\/2025\/08\/probleme-meniskus-physiotherapie-praxis-berlin-mitte-christian-marsch-300x120.png 300w, https:\/\/www.physiotherapie-berlinmitte.de\/wp-content\/uploads\/2025\/08\/probleme-meniskus-physiotherapie-praxis-berlin-mitte-christian-marsch-768x307.png 768w, https:\/\/www.physiotherapie-berlinmitte.de\/wp-content\/uploads\/2025\/08\/probleme-meniskus-physiotherapie-praxis-berlin-mitte-christian-marsch-500x200.png 500w\" sizes=\"(max-width: 770px) 100vw, 770px\" \/><\/figure>\n\n<h2 class=\"wp-block-heading\">Causes des probl\u00e8mes de m\u00e9nisque<\/h2>\n\n<ul class=\"wp-block-list\">\n<li><strong>Mouvements de rotation brusques<\/strong> sous charge<\/li>\n\n\n\n<li><strong>Blessures sportives<\/strong> avec torsion du genou<\/li>\n\n\n\n<li><strong>Usure progressive<\/strong> en cas de charge unilat\u00e9rale<\/li>\n\n\n\n<li><strong>Mauvaise position<\/strong> des jambes (jambes en O ou en X)<\/li>\n\n\n\n<li><strong>Surcharge<\/strong> due \u00e0 des activit\u00e9s r\u00e9p\u00e9t\u00e9es \u00e0 genoux<\/li>\n<\/ul>\n\n<p>Les personnes \u00e2g\u00e9es sont souvent touch\u00e9es par des changements d\u00e9g\u00e9n\u00e9ratifs, tandis que les jeunes sont plus susceptibles d&rsquo;\u00eatre touch\u00e9s par des accidents de sport.<\/p>\n\n<h2 class=\"wp-block-heading\">Quand un traitement conservateur est utile<\/h2>\n\n<p>Toutes les d\u00e9chirures du m\u00e9nisque ne n\u00e9cessitent pas une intervention chirurgicale. La physioth\u00e9rapie est une alternative efficace, en particulier pour les d\u00e9chirures mineures ou stables, les changements d\u00e9g\u00e9n\u00e9ratifs ou les patients sans blocage m\u00e9canique. L&rsquo;objectif est de r\u00e9duire la douleur, d&rsquo;am\u00e9liorer la mobilit\u00e9 et de r\u00e9tablir la capacit\u00e9 de charge du genou.  <\/p>\n\n<h2 class=\"wp-block-heading\">Proc\u00e9dure en physioth\u00e9rapie<\/h2>\n\n<p>Chez le physioth\u00e9rapeute Berlin-Mitte Marsch, le traitement commence par une analyse pr\u00e9cise du fonctionnement des articulations. Nous v\u00e9rifions <\/p>\n\n<ul class=\"wp-block-list\">\n<li>Mobilit\u00e9 du genou<\/li>\n\n\n\n<li>Stabilit\u00e9 et guidage des axes<\/li>\n\n\n\n<li>Force musculaire au niveau des cuisses et des hanches<\/li>\n\n\n\n<li>Marche et comportement \u00e0 l&rsquo;effort<\/li>\n<\/ul>\n\n<p>Nous \u00e9tablissons ensuite un plan de traitement individuel.<\/p>\n\n<h2 class=\"wp-block-heading\">Approches de traitement<\/h2>\n\n<ul class=\"wp-block-list\">\n<li><strong>Th\u00e9rapie manuelle<\/strong> pour favoriser la mobilit\u00e9 articulaire<\/li>\n\n\n\n<li><strong>Exercices de renforcement<\/strong> des muscles de la cuisse et de la hanche<\/li>\n\n\n\n<li><strong>Entra\u00eenement de la coordination<\/strong> pour am\u00e9liorer la stabilit\u00e9<\/li>\n\n\n\n<li><strong>Drainage lymphatique<\/strong> en cas de gonflement<\/li>\n\n\n\n<li><strong>Conseils quotidiens<\/strong> pour \u00e9viter les mauvaises postures<\/li>\n<\/ul>\n\n<p>L&rsquo;objectif est de soulager la charge fonctionnelle du genou tout en le renfor\u00e7ant pour les efforts quotidiens.<\/p>\n\n<h2 class=\"wp-block-heading\">Avantages du traitement conservateur<\/h2>\n\n<ul class=\"wp-block-list\">\n<li>Pas de risque op\u00e9ratoire<\/li>\n\n\n\n<li>Retour plus rapide \u00e0 la vie quotidienne<\/li>\n\n\n\n<li>Pr\u00e9servation des structures articulaires naturelles<\/li>\n\n\n\n<li>Adaptation de la th\u00e9rapie aux besoins personnels<\/li>\n<\/ul>\n\n<p>Pour de nombreux patients, le traitement conservateur est \u00e9galement un moyen de retarder ou d&rsquo;\u00e9viter une op\u00e9ration ult\u00e9rieure.<\/p>\n\n<figure class=\"gb-block-image gb-block-image-e292ce0d\"><img decoding=\"async\" width=\"770\" height=\"308\" class=\"gb-image gb-image-e292ce0d\" src=\"https:\/\/www.physiotherapie-berlinmitte.de\/wp-content\/uploads\/2025\/08\/meniskus-physiotherapie-praxis-berlin-mitte-christian-marsch.png\" alt=\"M\u00e9nisque Cabinet de physioth\u00e9rapie Berlin-Mitte Christian Marsch\" title=\"M\u00e9nisque Cabinet de physioth\u00e9rapie Berlin-Mitte Christian Marsch\" srcset=\"https:\/\/www.physiotherapie-berlinmitte.de\/wp-content\/uploads\/2025\/08\/meniskus-physiotherapie-praxis-berlin-mitte-christian-marsch.png 770w, https:\/\/www.physiotherapie-berlinmitte.de\/wp-content\/uploads\/2025\/08\/meniskus-physiotherapie-praxis-berlin-mitte-christian-marsch-300x120.png 300w, https:\/\/www.physiotherapie-berlinmitte.de\/wp-content\/uploads\/2025\/08\/meniskus-physiotherapie-praxis-berlin-mitte-christian-marsch-768x307.png 768w, https:\/\/www.physiotherapie-berlinmitte.de\/wp-content\/uploads\/2025\/08\/meniskus-physiotherapie-praxis-berlin-mitte-christian-marsch-500x200.png 500w\" sizes=\"(max-width: 770px) 100vw, 770px\" \/><\/figure>\n\n<h2 class=\"wp-block-heading\">Ce que vous pouvez faire vous-m\u00eame<\/h2>\n\n<ul class=\"wp-block-list\">\n<li>\u00c9viter la surcharge, en particulier les squats profonds et les mouvements de rotation<\/li>\n\n\n\n<li>Exercices r\u00e9guliers de renforcement des muscles des jambes et des hanches<\/li>\n\n\n\n<li>Charge r\u00e9guli\u00e8re au quotidien, par exemple en montant les escaliers<\/li>\n\n\n\n<li>Refroidissement en cas de troubles aigus<\/li>\n<\/ul>\n\n<h2 class=\"wp-block-heading\">Conclusion :<\/h2>\n\n<p>Les probl\u00e8mes de m\u00e9nisque ne doivent pas automatiquement \u00eatre op\u00e9r\u00e9s. Un traitement physioth\u00e9rapeutique cibl\u00e9 peut r\u00e9duire la douleur, am\u00e9liorer la fonction et assurer la capacit\u00e9 de charge du genou \u00e0 long terme. Chez le physioth\u00e9rapeute Berlin-Mitte Marsch, nous d\u00e9veloppons un plan de traitement individuel qui s&rsquo;adapte \u00e0 votre quotidien et \u00e0 vos objectifs.  <\/p>\n\n<p><\/p>\n\n<p><\/p>\n","protected":false},"excerpt":{"rendered":"Une douleur au genou ne signifie pas automatiquement qu&rsquo;une op\u00e9ration est n\u00e9cessaire. De nombreuses l\u00e9sions du m\u00e9nisque peuvent \u00eatre trait\u00e9es avec succ\u00e8s par une &#8230; <a title=\"Traiter les probl\u00e8mes de m\u00e9nisque sans chirurgie\" class=\"read-more\" href=\"https:\/\/www.physiotherapie-berlinmitte.de\/fr\/traiter-les-problemes-de-menisque-sans-chirurgie\/\" aria-label=\"En savoir plus sur Traiter les probl\u00e8mes de m\u00e9nisque sans chirurgie\">Lire la suite<\/a>","protected":false},"author":3,"featured_media":104136,"comment_status":"closed","ping_status":"closed","sticky":false,"template":"","format":"standard","meta":{"_seopress_robots_primary_cat":"none","_seopress_titles_title":"Traiter les probl\u00e8mes de m\u00e9nisque sans op\u00e9ration - Berlin Mitte","_seopress_titles_desc":"Les probl\u00e8mes de m\u00e9nisque ne doivent pas toujours \u00eatre op\u00e9r\u00e9s. Nous proposons \u00e0 Berlin-Mitte une physioth\u00e9rapie cibl\u00e9e pour soulager la douleur et am\u00e9liorer la fonction. ","_seopress_robots_index":"","footnotes":""},"categories":[40],"tags":[],"class_list":["post-104151","post","type-post","status-publish","format-standard","has-post-thumbnail","hentry","category-non-classifiee","no-featured-image-padding"],"_links":{"self":[{"href":"https:\/\/www.physiotherapie-berlinmitte.de\/fr\/wp-json\/wp\/v2\/posts\/104151","targetHints":{"allow":["GET"]}}],"collection":[{"href":"https:\/\/www.physiotherapie-berlinmitte.de\/fr\/wp-json\/wp\/v2\/posts"}],"about":[{"href":"https:\/\/www.physiotherapie-berlinmitte.de\/fr\/wp-json\/wp\/v2\/types\/post"}],"author":[{"embeddable":true,"href":"https:\/\/www.physiotherapie-berlinmitte.de\/fr\/wp-json\/wp\/v2\/users\/3"}],"replies":[{"embeddable":true,"href":"https:\/\/www.physiotherapie-berlinmitte.de\/fr\/wp-json\/wp\/v2\/comments?post=104151"}],"version-history":[{"count":1,"href":"https:\/\/www.physiotherapie-berlinmitte.de\/fr\/wp-json\/wp\/v2\/posts\/104151\/revisions"}],"predecessor-version":[{"id":104152,"href":"https:\/\/www.physiotherapie-berlinmitte.de\/fr\/wp-json\/wp\/v2\/posts\/104151\/revisions\/104152"}],"wp:featuredmedia":[{"embeddable":true,"href":"https:\/\/www.physiotherapie-berlinmitte.de\/fr\/wp-json\/wp\/v2\/media\/104136"}],"wp:attachment":[{"href":"https:\/\/www.physiotherapie-berlinmitte.de\/fr\/wp-json\/wp\/v2\/media?parent=104151"}],"wp:term":[{"taxonomy":"category","embeddable":true,"href":"https:\/\/www.physiotherapie-berlinmitte.de\/fr\/wp-json\/wp\/v2\/categories?post=104151"},{"taxonomy":"post_tag","embeddable":true,"href":"https:\/\/www.physiotherapie-berlinmitte.de\/fr\/wp-json\/wp\/v2\/tags?post=104151"}],"curies":[{"name":"wp","href":"https:\/\/api.w.org\/{rel}","templated":true}]}}