{"id":27059,"date":"2023-01-07T00:15:44","date_gmt":"2023-01-06T23:15:44","guid":{"rendered":"https:\/\/www.physiotherapie-berlinmitte.de\/pied-etale-symptomes-et-traitement\/"},"modified":"2023-01-21T15:49:18","modified_gmt":"2023-01-21T14:49:18","slug":"pied-etale-symptomes-et-traitement","status":"publish","type":"post","link":"https:\/\/www.physiotherapie-berlinmitte.de\/fr\/pied-etale-symptomes-et-traitement\/","title":{"rendered":"Pied \u00e9tal\u00e9 : sympt\u00f4mes et traitement"},"content":{"rendered":"\n<p>Le pied \u00e9tal\u00e9 est une d\u00e9formation dans laquelle la vo\u00fbte plantaire transversale est affaiss\u00e9e. Les m\u00e9tatarsiens ne pointent pas droit vers l&rsquo;avant, mais s&rsquo;\u00e9cartent. Les os s&rsquo;orientent vers l&rsquo;ext\u00e9rieur, de sorte que le pied s&rsquo;\u00e9largit visuellement et que les chaussures ferm\u00e9es peuvent devenir trop \u00e9troites pour le pied. L&rsquo;alignement permanent des os vers l&rsquo;ext\u00e9rieur peut entra\u00eener des inflammations, des douleurs et d&rsquo;autres d\u00e9formations, qui peuvent affecter non seulement les pieds, mais aussi les genoux, le dos et d&rsquo;autres parties du corps.<\/p>\n\n<h2 class=\"wp-block-heading\">Cause<\/h2>\n\n<p>Un pied \u00e9tal\u00e9 peut se d\u00e9velopper pour diff\u00e9rentes raisons. Les causes peuvent \u00eatre attribu\u00e9es \u00e0 une mauvaise position (par exemple des jambes ou au niveau du dos), au port de chaussures inadapt\u00e9es, \u00e0 une mauvaise d\u00e9marche, ainsi qu&rsquo;\u00e0 des in\u00e9galit\u00e9s anatomiques cong\u00e9nitales.<\/p>\n\n<figure class=\"wp-block-image size-full\"><img decoding=\"async\" width=\"770\" height=\"308\" src=\"https:\/\/www.physiotherapie-berlinmitte.de\/wp-content\/uploads\/2023\/01\/fussballen-schmerzen-physiotherapie-praxis-berlin-mitte-christian-marsch.png\" alt=\"oignons du pied douleurs physioth&#xE9;rapie cabinet Berlin-Mitte Christian Marsch\" class=\"wp-image-26305\" srcset=\"https:\/\/www.physiotherapie-berlinmitte.de\/wp-content\/uploads\/2023\/01\/fussballen-schmerzen-physiotherapie-praxis-berlin-mitte-christian-marsch.png 770w, https:\/\/www.physiotherapie-berlinmitte.de\/wp-content\/uploads\/2023\/01\/fussballen-schmerzen-physiotherapie-praxis-berlin-mitte-christian-marsch-300x120.png 300w, https:\/\/www.physiotherapie-berlinmitte.de\/wp-content\/uploads\/2023\/01\/fussballen-schmerzen-physiotherapie-praxis-berlin-mitte-christian-marsch-768x307.png 768w, https:\/\/www.physiotherapie-berlinmitte.de\/wp-content\/uploads\/2023\/01\/fussballen-schmerzen-physiotherapie-praxis-berlin-mitte-christian-marsch-500x200.png 500w\" sizes=\"(max-width: 770px) 100vw, 770px\" \/><figcaption class=\"wp-element-caption\">oignons du pied douleurs physioth\u00e9rapie cabinet Berlin-Mitte Christian Marsch<\/figcaption><\/figure>\n<p>Lorsqu&rsquo;un pied \u00e9tal\u00e9 se d\u00e9veloppe, l&rsquo;appareil corporel s&rsquo;adapte au d\u00e9placement progressif des os du pied, ce qui peut entra\u00eener une malformation irr\u00e9parable. Les personnes concern\u00e9es marchent de plus en plus sur le bord ext\u00e9rieur du pied, ce qui peut se voir \u00e0 l&rsquo;usure des chaussures. Dans ce type de d\u00e9marche, le d\u00e9roulement et la pouss\u00e9e du pied se font de mani\u00e8re in\u00e9gale, le pied central est certes soulag\u00e9, mais la d\u00e9marche est tellement oblique que la charge se d\u00e9place sur le pied ext\u00e9rieur. Les articulations, les tendons et les ligaments en souffrent. Un effet secondaire ingrat est la r\u00e9gression des d\u00e9p\u00f4ts de graisse sous la plante des pieds, ce qui peut provoquer de fortes douleurs.<\/p>\n\n<h2 class=\"wp-block-heading\">Sympt\u00f4mes<\/h2>\n\n<p>L&rsquo;extension des os du pied vers l&rsquo;ext\u00e9rieur du pied entra\u00eene de nombreuses cons\u00e9quences. Il n&rsquo;est pas rare que des malformations apparaissent au niveau des orteils (p. ex. orteil en griffe) ou que des nerfs soient coinc\u00e9s. Des callosit\u00e9s peuvent \u00e9galement se former sur la plante des pieds, ce qui peut provoquer des douleurs. La plupart du temps, la douleur se d\u00e9place vers le m\u00e9tatarse, bien que d&rsquo;autres zones du pied, ainsi que d&rsquo;autres parties du corps, comme les jambes, les hanches ou le dos, puissent \u00e9galement \u00eatre touch\u00e9es.<\/p>\n\n<h2 class=\"wp-block-heading\">Th\u00e9rapie pour les pieds \u00e9tal\u00e9s<\/h2>\n\n<p>Le pied \u00e9tal\u00e9 peut \u00eatre tr\u00e8s ou peu d\u00e9velopp\u00e9. Un <a href=\"https:\/\/www.physiotherapie-berlinmitte.de\/fr\/\">physioth\u00e9rapeute<\/a> peut d\u00e9terminer la cause par un examen physique et mettre en place des mesures non chirurgicales.  <\/p>\n\n<figure class=\"wp-block-image size-full\"><img decoding=\"async\" width=\"770\" height=\"308\" src=\"https:\/\/www.physiotherapie-berlinmitte.de\/wp-content\/uploads\/2023\/01\/spreizfuss-symptome-behandlung-physiotherapie-praxis-berlin-mitte-christian-marsch.png\" alt=\"Pied &#xE9;tal&#xE9; Sympt&#xF4;mes Traitement Physioth&#xE9;rapie cabinet Berlin Mitte Christian Marsch\" class=\"wp-image-26504\" srcset=\"https:\/\/www.physiotherapie-berlinmitte.de\/wp-content\/uploads\/2023\/01\/spreizfuss-symptome-behandlung-physiotherapie-praxis-berlin-mitte-christian-marsch.png 770w, https:\/\/www.physiotherapie-berlinmitte.de\/wp-content\/uploads\/2023\/01\/spreizfuss-symptome-behandlung-physiotherapie-praxis-berlin-mitte-christian-marsch-300x120.png 300w, https:\/\/www.physiotherapie-berlinmitte.de\/wp-content\/uploads\/2023\/01\/spreizfuss-symptome-behandlung-physiotherapie-praxis-berlin-mitte-christian-marsch-768x307.png 768w, https:\/\/www.physiotherapie-berlinmitte.de\/wp-content\/uploads\/2023\/01\/spreizfuss-symptome-behandlung-physiotherapie-praxis-berlin-mitte-christian-marsch-500x200.png 500w\" sizes=\"(max-width: 770px) 100vw, 770px\" \/><figcaption class=\"wp-element-caption\">Pied \u00e9tal\u00e9 Sympt\u00f4mes Traitement Physioth\u00e9rapie cabinet Berlin Mitte Christian Marsch<\/figcaption><\/figure>\n<p>Le diagnostic tient compte de l&rsquo;\u00e9tat du pied, de la mobilit\u00e9 de la cheville, de la <a href=\"https:\/\/www.physiotherapie-berlinmitte.de\/fr\/ecole-du-dos\/\">zone du dos <\/a>et d&rsquo;autres facteurs tels que l&rsquo;ob\u00e9sit\u00e9. Selon la cause de la douleur, le port d&rsquo;une semelle de chaussure adapt\u00e9e peut d\u00e9j\u00e0 faire en sorte que le pied se d\u00e9roule \u00e0 nouveau correctement et se d\u00e9place dans la bonne direction. Une <a href=\"https:\/\/www.physiotherapie-berlinmitte.de\/fr\/lanalyse-de-la-demarche-et-lecole-de-la-posture\/\">analyse de la d\u00e9marche<\/a> peut \u00e9galement indiquer si la posture et la d\u00e9marche sont favorables \u00e0 l&rsquo;\u00e9tat anatomique, ce qui permet de proc\u00e9der \u00e0 des ajustements.<\/p>\n\n<p>Et l\u00e0 encore, plus t\u00f4t on r\u00e9agit aux sympt\u00f4mes, plus vite on peut r\u00e9agir aux malformations et aux douleurs.  <\/p>\n","protected":false},"excerpt":{"rendered":"Le pied \u00e9tal\u00e9 est une d\u00e9formation dans laquelle la vo\u00fbte plantaire transversale est affaiss\u00e9e. Les m\u00e9tatarsiens ne pointent pas droit vers l&rsquo;avant, mais s&rsquo;\u00e9cartent. &#8230; <a title=\"Pied \u00e9tal\u00e9 : sympt\u00f4mes et traitement\" class=\"read-more\" href=\"https:\/\/www.physiotherapie-berlinmitte.de\/fr\/pied-etale-symptomes-et-traitement\/\" aria-label=\"En savoir plus sur Pied \u00e9tal\u00e9 : sympt\u00f4mes et traitement\">Lire la suite<\/a>","protected":false},"author":2,"featured_media":26513,"comment_status":"closed","ping_status":"closed","sticky":false,"template":"","format":"standard","meta":{"_seopress_robots_primary_cat":"none","_seopress_titles_title":"Pied \u00e9tal\u00e9 : sympt\u00f4mes & traitement %%sep%% %%sitetitle%%","_seopress_titles_desc":"Si les m\u00e9tatarsiens s'\u00e9cartent de sorte que les os pointent vers l'ext\u00e9rieur, il s'agit d'un pied \u00e9tal\u00e9 qui n\u00e9cessite un traitement.","_seopress_robots_index":"","footnotes":""},"categories":[64],"tags":[],"class_list":["post-27059","post","type-post","status-publish","format-standard","has-post-thumbnail","hentry","category-therapie-physique","no-featured-image-padding"],"_links":{"self":[{"href":"https:\/\/www.physiotherapie-berlinmitte.de\/fr\/wp-json\/wp\/v2\/posts\/27059","targetHints":{"allow":["GET"]}}],"collection":[{"href":"https:\/\/www.physiotherapie-berlinmitte.de\/fr\/wp-json\/wp\/v2\/posts"}],"about":[{"href":"https:\/\/www.physiotherapie-berlinmitte.de\/fr\/wp-json\/wp\/v2\/types\/post"}],"author":[{"embeddable":true,"href":"https:\/\/www.physiotherapie-berlinmitte.de\/fr\/wp-json\/wp\/v2\/users\/2"}],"replies":[{"embeddable":true,"href":"https:\/\/www.physiotherapie-berlinmitte.de\/fr\/wp-json\/wp\/v2\/comments?post=27059"}],"version-history":[{"count":0,"href":"https:\/\/www.physiotherapie-berlinmitte.de\/fr\/wp-json\/wp\/v2\/posts\/27059\/revisions"}],"wp:featuredmedia":[{"embeddable":true,"href":"https:\/\/www.physiotherapie-berlinmitte.de\/fr\/wp-json\/wp\/v2\/media\/26513"}],"wp:attachment":[{"href":"https:\/\/www.physiotherapie-berlinmitte.de\/fr\/wp-json\/wp\/v2\/media?parent=27059"}],"wp:term":[{"taxonomy":"category","embeddable":true,"href":"https:\/\/www.physiotherapie-berlinmitte.de\/fr\/wp-json\/wp\/v2\/categories?post=27059"},{"taxonomy":"post_tag","embeddable":true,"href":"https:\/\/www.physiotherapie-berlinmitte.de\/fr\/wp-json\/wp\/v2\/tags?post=27059"}],"curies":[{"name":"wp","href":"https:\/\/api.w.org\/{rel}","templated":true}]}}